{"id":41964,"date":"2023-09-07T14:16:17","date_gmt":"2023-09-07T12:16:17","guid":{"rendered":"https:\/\/chevaux-normandie.com\/?p=41964"},"modified":"2023-10-23T09:36:04","modified_gmt":"2023-10-23T07:36:04","slug":"equidays-2023-le-calvados-fete-le-cheval","status":"publish","type":"post","link":"https:\/\/chevaux-normandie.com\/en\/equidays-2023-le-calvados-fete-le-cheval\/","title":{"rendered":"\u00c9quidays 2023 : Le Calvados f\u00eate le cheval"},"content":{"rendered":"\n<p>La nouvelle \u00e9dition des <a href=\"https:\/\/www.equidays.fr\" target=\"_blank\" rel=\"noreferrer noopener\">\u00c9quidays<\/a> se tiendra du samedi 21 au mercredi 25 octobre 2023. Pendant 5 jours, le Calvados f\u00eatera le cheval sous toutes ses formes \u00e0 travers une centaine de manifestations, pour tous les publics, sur l\u2019ensemble de son territoire.<\/p>\n\n\n<h4 class=\"wp-block-heading\" id=\"durant-une-journee-le-label-equures-vous-emmene-a-la-decouverte-du-bienetre-animal\">Durant une journ\u00e9e, le label EquuRES vous emm\u00e8ne \u00e0 la d\u00e9couverte du bien-\u00eatre animal<\/h4>\n\n\n<p><a href=\"https:\/\/ecurieperrinecarlier.com\/\" target=\"_blank\" rel=\"noreferrer noopener\">\u00c9curie Perrine Carlier<\/a>&nbsp;: matin<br><a href=\"https:\/\/www.ecuriesdiane.com\/\" target=\"_blank\" rel=\"noreferrer noopener\">\u00c9curies Diane<\/a>&nbsp;: apr\u00e8s-midi&nbsp;<\/p>\n\n\n\n<p>\u00c0 l\u2019occasion des \u00c9quidays 2023, l\u2019\u00e9quipe du label EquuRES organise une journ\u00e9e de visites \u00e0 destination des professionnels de la fili\u00e8re \u00e9quine le lundi 23 octobre.<\/p>\n\n\n\n<p><strong>Programme de la journ\u00e9e&nbsp;:<\/strong><\/p>\n\n\n\n<p>En une journ\u00e9e, d\u00e9couvrez deux structures de professionnelles labellis\u00e9es EquuRES qui mettent en place de nombreuses bonnes pratiques en faveur du bien-\u00eatre \u00e9quin et n\u2019h\u00e9sitent pas \u00e0 se remettre en question.<\/p>\n\n\n\n<p><strong>Rencontre avec Perrine Carlier le matin <\/strong>et pr\u00e9sentation du fonctionnement de ses \u00e9curies actives d\u00e9di\u00e9es aux chevaux de dressage. <\/p>\n\n\n<h4 class=\"wp-block-heading\" id=\"focus-ecurie-perrine-carlier\">Focus \u00c9curie Perrine Carlier<\/h4>\n\n\n<div class=\"wp-block-media-text is-stacked-on-mobile\" style=\"grid-template-columns:36% auto\"><figure class=\"wp-block-media-text__media\"><img loading=\"lazy\" decoding=\"async\" width=\"1024\" height=\"576\" src=\"https:\/\/chevaux-normandie.com\/wp-content\/uploads\/2023\/09\/Ecurie-Perrine-Carlier-1-1024x576.png\" alt=\"\" class=\"wp-image-42038 size-full\" srcset=\"https:\/\/chevaux-normandie.com\/wp-content\/uploads\/2023\/09\/Ecurie-Perrine-Carlier-1-1024x576.png 1024w, https:\/\/chevaux-normandie.com\/wp-content\/uploads\/2023\/09\/Ecurie-Perrine-Carlier-1-300x169.png 300w, https:\/\/chevaux-normandie.com\/wp-content\/uploads\/2023\/09\/Ecurie-Perrine-Carlier-1-768x432.png 768w, https:\/\/chevaux-normandie.com\/wp-content\/uploads\/2023\/09\/Ecurie-Perrine-Carlier-1-1536x864.png 1536w, https:\/\/chevaux-normandie.com\/wp-content\/uploads\/2023\/09\/Ecurie-Perrine-Carlier-1-200x112.png 200w, https:\/\/chevaux-normandie.com\/wp-content\/uploads\/2023\/09\/Ecurie-Perrine-Carlier-1-240x135.png 240w, https:\/\/chevaux-normandie.com\/wp-content\/uploads\/2023\/09\/Ecurie-Perrine-Carlier-1.png 1874w\" sizes=\"auto, (max-width: 1024px) 100vw, 1024px\" \/><\/figure><div class=\"wp-block-media-text__content\">\n<p>Perrine Carlier est cavali\u00e8re de dressage professionnelle depuis plus de 20 ans. Install\u00e9e depuis 2015 en Normandie, elle remet en question le fonctionnement de <a href=\"https:\/\/ecurieperrinecarlier.com\/\" target=\"_blank\" rel=\"noreferrer noopener\">ses \u00e9curies<\/a> apr\u00e8s l\u2019audit du <a href=\"https:\/\/www.label-equures.com\/\" target=\"_blank\" rel=\"noreferrer noopener\">label EquuRES<\/a>. Cette d\u00e9cision a \u00e9t\u00e9 prise lors de la crise sanitaire. La cavali\u00e8re a choisi cr\u00e9er une \u00e9curie active pour h\u00e9berger ses chevaux de comp\u00e9tition. Cet am\u00e9nagement permet aux chevaux une qualit\u00e9 de vie optimale avec contacts sociaux permanents, foin \u00e0 volont\u00e9 et espaces de d\u00e9tente. Perrine Carlier est tr\u00e8s attentive au bien-\u00eatre de ses chevaux et se tient inform\u00e9e sur les sujets en lien avec le bien-\u00eatre, la r\u00e9glementation et l\u2019environnement.<\/p>\n<\/div><\/div>\n\n\n\n<p><strong>Le midi, l\u2019\u00e9change continue<\/strong> au restaurant (repas \u00e0 votre charge) pour ceux qui le souhaitent. <\/p>\n\n\n\n<p><strong>Et l\u2019apr\u00e8s-midi, rendez-vous aux \u00e9curies de Diane Lybeck<\/strong>, pour d\u00e9couvrir l\u2019activit\u00e9 de pr\u00e9-entrainement de galop et le fonctionnement de ses \u00e9curies en termes de bien-\u00eatre \u00e9quin et d\u2019environnement.<\/p>\n\n\n<h4 class=\"wp-block-heading\" id=\"focus-ecuries-diane\">Focus \u00c9curies Diane<\/h4>\n\n\n<div class=\"wp-block-media-text alignwide has-media-on-the-right is-stacked-on-mobile\" style=\"grid-template-columns:auto 36%\"><div class=\"wp-block-media-text__content\">\n<p>Dans le Calvados, au c\u0153ur du pays d&#8217;Auge, id\u00e9alement situ\u00e9 \u00e0 une quinzaine de kilom\u00e8tres de Deauville, l&#8217;\u00e9tablissement n\u00e9 au d\u00e9but de l&#8217;ann\u00e9e 2000 \u00e9tabli sur 40 hectares se compose aujourd&#8217;hui d&#8217;une structure comprenant 80 boxes, un rond de longe, un marcheur, une piste en sable de 900 m\u00e8tres et une &#8220;mont\u00e9e en gazon&#8221; de 1000m. Depuis 20 ans, une \u00e9quipe hautement exp\u00e9riment\u00e9e, est pr\u00eate \u00e0 accueillir les chevaux aussi bien pour le d\u00e9bourrage, que le pr\u00e9-entra\u00eenement, la remise en forme ou le repos. Un p\u00f4le de soins, avec un Spa-Equine, du Shiatsu et de la Laser Therapie est int\u00e9gr\u00e9 \u00e0 la structure.<\/p>\n<\/div><figure class=\"wp-block-media-text__media\"><img loading=\"lazy\" decoding=\"async\" width=\"1024\" height=\"682\" src=\"https:\/\/chevaux-normandie.com\/wp-content\/uploads\/2023\/09\/Ecuries-Diane-1-1024x682.jpeg\" alt=\"\" class=\"wp-image-42040 size-full\" srcset=\"https:\/\/chevaux-normandie.com\/wp-content\/uploads\/2023\/09\/Ecuries-Diane-1-1024x682.jpeg 1024w, https:\/\/chevaux-normandie.com\/wp-content\/uploads\/2023\/09\/Ecuries-Diane-1-300x200.jpeg 300w, https:\/\/chevaux-normandie.com\/wp-content\/uploads\/2023\/09\/Ecuries-Diane-1-768x512.jpeg 768w, https:\/\/chevaux-normandie.com\/wp-content\/uploads\/2023\/09\/Ecuries-Diane-1-200x133.jpeg 200w, https:\/\/chevaux-normandie.com\/wp-content\/uploads\/2023\/09\/Ecuries-Diane-1-240x160.jpeg 240w, https:\/\/chevaux-normandie.com\/wp-content\/uploads\/2023\/09\/Ecuries-Diane-1.jpeg 1417w\" sizes=\"auto, (max-width: 1024px) 100vw, 1024px\" \/><\/figure><\/div>\n\n\n\n<p><a href=\"https:\/\/www.ecuriesdiane.com\" target=\"_blank\" rel=\"noreferrer noopener\">Les \u00e9curies Diane<\/a>, situ\u00e9es dans le Calvados, sont sp\u00e9cialis\u00e9es dans le d\u00e9bourrage et le pr\u00e9-entra\u00eenement de pur-sang \u00e0 destination des courses de Galop. Engag\u00e9e en faveur de la protection de l\u2019environnement et du bien-\u00eatre animal, l\u2019\u00e9curie de Diane Lybeck est labellis\u00e9e depuis 2015 !<\/p>\n\n\n\n<p><em>Les r\u00e9servations peuvent se faire&nbsp;: uniquement le matin, uniquement l\u2019apr\u00e8s-midi ou pour la journ\u00e9e compl\u00e8te.&nbsp;<\/em><\/p>\n\n\n\n<div class=\"wp-block-columns is-layout-flex wp-container-core-columns-is-layout-9d6595d7 wp-block-columns-is-layout-flex\">\n<div class=\"wp-block-column is-layout-flow wp-block-column-is-layout-flow\">\n<p><em>MATIN<\/em><\/p>\n\n\n\n<ul class=\"wp-block-list\">\n<li><em>10h \u2013 accueil caf\u00e9 aux \u00e9curies de Perrine Carlier<\/em><\/li>\n\n\n\n<li><em>10h15 &#8211; pr\u00e9sentation du Label EquuRES&nbsp;<\/em><\/li>\n\n\n\n<li><em>10h30 &#8211; visite des \u00e9curies active pr\u00e9sent\u00e9e par Perrine Carlier<\/em><\/li>\n\n\n\n<li><em>11h30 \u2013 \u00e9changes&nbsp;<\/em><\/li>\n<\/ul>\n<\/div>\n\n\n\n<div class=\"wp-block-column is-layout-flow wp-block-column-is-layout-flow\">\n<p><em>MIDI<\/em><\/p>\n\n\n\n<ul class=\"wp-block-list\">\n<li><em>12h-14h \u2013 Rendez-vous au restaurant la Haie Tondue pour continuer les \u00e9changes du matin entre professionnels<\/em><\/li>\n\n\n\n<li><em>D\u00e9jeuner sur inscription<\/em> <br>(repas \u00e0 votre charge)<\/li>\n<\/ul>\n<\/div>\n\n\n\n<div class=\"wp-block-column is-layout-flow wp-block-column-is-layout-flow\">\n<p><em>APR\u00c8S-MIDI<\/em><\/p>\n\n\n\n<ul class=\"wp-block-list\">\n<li>1<em>4h \u2013 accueil aux \u00e9curies Diane<\/em><\/li>\n\n\n\n<li><em>14h15 \u2013 pr\u00e9sentation du label EquuRES<\/em><\/li>\n\n\n\n<li><em>14h30 \u2013 visite des \u00e9curies pr\u00e9sent\u00e9e par Diane Lybeck<\/em><\/li>\n\n\n\n<li><em>15h30 \u2013 \u00e9changes&nbsp;<\/em><\/li>\n<\/ul>\n<\/div>\n<\/div>\n\n\n<div class=\"arrow-btn-link-container\">\n    <a href=\"https:\/\/chevaux-normandie.com\/evenement\/visite-de-structures-dediees-au-bien-etre-animal\/\" target=\"_blank\" class=\"bordered-btn is-green\">\n        Participer \u00e0 la visite        <span class=\"general-arrow\"><\/span>\n    <\/a>\n<\/div>\n\n\n<h4 class=\"wp-block-heading\" id=\"visite-professionnelle-de-normandie-equine-vallee-saintcontest-amp-goustranville\">Visite professionnelle de Normandie Equine Vall\u00e9e Saint-Contest &amp; Goustranville<\/h4>\n\n\n<p>ANNUL\u00c9E <\/p>\n\n\n\n<p>Normandie Equine Vall\u00e9e propose aux professionnels de la fili\u00e8re \u00e9quine de venir visiter ses deux sites en recherche et sant\u00e9 \u00e9quine situ\u00e9s \u00e0 Saint-Contest et \u00e0 Goustranville.<\/p>\n\n\n\n<div class=\"wp-block-media-text is-stacked-on-mobile\" style=\"grid-template-columns:34% auto\"><figure class=\"wp-block-media-text__media\"><img loading=\"lazy\" decoding=\"async\" width=\"1024\" height=\"684\" src=\"https:\/\/chevaux-normandie.com\/wp-content\/uploads\/2023\/09\/NEV_Photo-Kinesia-a-Goustranville-1024x684.jpg\" alt=\"\" class=\"wp-image-42091 size-full\" srcset=\"https:\/\/chevaux-normandie.com\/wp-content\/uploads\/2023\/09\/NEV_Photo-Kinesia-a-Goustranville-1024x684.jpg 1024w, https:\/\/chevaux-normandie.com\/wp-content\/uploads\/2023\/09\/NEV_Photo-Kinesia-a-Goustranville-300x200.jpg 300w, https:\/\/chevaux-normandie.com\/wp-content\/uploads\/2023\/09\/NEV_Photo-Kinesia-a-Goustranville-768x513.jpg 768w, https:\/\/chevaux-normandie.com\/wp-content\/uploads\/2023\/09\/NEV_Photo-Kinesia-a-Goustranville-200x134.jpg 200w, https:\/\/chevaux-normandie.com\/wp-content\/uploads\/2023\/09\/NEV_Photo-Kinesia-a-Goustranville-240x160.jpg 240w, https:\/\/chevaux-normandie.com\/wp-content\/uploads\/2023\/09\/NEV_Photo-Kinesia-a-Goustranville.jpg 1181w\" sizes=\"auto, (max-width: 1024px) 100vw, 1024px\" \/><\/figure><div class=\"wp-block-media-text__content\">\n<p id=\"isPasted\"><a href=\"http:\/\/www.normandieequinevallee.fr\/\" target=\"_blank\" rel=\"noreferrer noopener\">Normandie Equine Vall\u00e9e<\/a>, \u00ab campus international du cheval \u00bb, est l\u2019outil qui permet \u00e0 la R\u00e9gion Normandie et au D\u00e9partement du Calvados de soutenir le d\u00e9veloppement des activit\u00e9s de recherche en sant\u00e9 \u00e9quine.&nbsp;<\/p>\n\n\n\n<p>Propri\u00e9taire de deux sites d\u00e9di\u00e9s \u00e0 la sant\u00e9 et au bien-\u00eatre du cheval (Saint Contest et Goustranville), le syndicat mixte con\u00e7oit, construit et \u00e9quipe les b\u00e2timents qui accueillent les activit\u00e9s scientifiques des laboratoires :&nbsp;<\/p>\n\n\n\n<ul class=\"wp-block-list\">\n<li>LABEO, BIOTARGEN et le RESPE sur le site de Saint Contest<\/li>\n\n\n\n<li>Le CIRALE, l\u2019ANSES et la FNCH sur le site de Goustranville.&nbsp;<\/li>\n<\/ul>\n<\/div><\/div>\n\n\n\n<p>Les investissements du syndicat mixte permettent aux \u00e9quipes de recherche de d\u00e9velopper leur leadership scientifique au niveau international. Il ambitionne \u00e9galement de favoriser le d\u00e9veloppement des entreprises de la fili\u00e8re par l\u2019innovation, en proposant \u00e0 l\u2019avenir des locaux d\u00e9di\u00e9s \u00e0 l\u2019accueil d\u2019entreprises sur ses deux sites. Le syndicat mixte pilote, en effet, deux projets d\u2019envergure : l\u2019extension du site de Saint Contest et le d\u00e9veloppement du site de Goustranville afin d\u2019accueillir, notamment, les \u00e9quipes d\u2019enseignement et de recherche en sant\u00e9 \u00e9quine de l\u2019Ecole V\u00e9t\u00e9rinaire d\u2019Alfort.<\/p>\n\n\n\n<p><em>Au programme du lundi 23 octobre :<\/em><\/p>\n\n\n\n<ul class=\"wp-block-list\">\n<li><em>14h00 : accueil caf\u00e9 \u00e0 Goustranville<\/em><\/li>\n\n\n\n<li><em>14h30 : d\u00e9part de la visite de Goustranville<\/em><\/li>\n\n\n\n<li><em>15h30 : fin de la visite et d\u00e9part pour Saint Contest<\/em><\/li>\n\n\n\n<li><em>16H30 : d\u00e9part de la visite de Saint Contest&nbsp;<\/em><\/li>\n\n\n\n<li><em>17h30 : fin de la visite&nbsp;<\/em><\/li>\n<\/ul>\n\n\n<div class=\"arrow-btn-link-container\">\n    <a href=\"https:\/\/chevaux-normandie.com\/evenement\/equidays-visite-professionnelles-de-normandie-equine-vallee-saint-contest-goustranville\/\" target=\"_blank\" class=\"bordered-btn is-green\">\n        Participer \u00e0 la visite         <span class=\"general-arrow\"><\/span>\n    <\/a>\n<\/div>\n\n\n<h4 class=\"wp-block-heading\" id=\"visite-du-haras-de-bouttemont\">Visite du Haras de Bouttemont<\/h4>\n\n\n<p>COMPLET<\/p>\n\n\n\n<div class=\"wp-block-media-text alignwide has-media-on-the-right is-stacked-on-mobile is-vertically-aligned-center\" style=\"grid-template-columns:auto 34%\"><div class=\"wp-block-media-text__content\">\n<p>Le <a href=\"http:\/\/bouttemont.fr\/\" target=\"_blank\" rel=\"noreferrer noopener\">Haras de Bouttemont<\/a> a \u00e9t\u00e9 cr\u00e9\u00e9 en 2011 pour et avec Ready Cash, alors que ses premiers produits \u00e9taient \u00e2g\u00e9s d\u2019un an (les \u201cA\u201d n\u00e9s en 2010). Dix ans se sont \u00e9coul\u00e9s et ses fils devenus \u00e9talons \u00e0 leur tour ont trouv\u00e9 leur place \u00e0 ses c\u00f4t\u00e9s. Malheureusement, ce superbe \u00e9talon nous a quitt\u00e9s en ao\u00fbt 2023.<\/p>\n\n\n\n<p>Gitte et Philippe Allaire proposent une visite de leur haras \u00e0 destination des professionnels de la fili\u00e8re le mardi 24 octobre \u00e0 11h sur inscription obligatoire.<\/p>\n<\/div><figure class=\"wp-block-media-text__media\"><img loading=\"lazy\" decoding=\"async\" width=\"1000\" height=\"680\" src=\"https:\/\/chevaux-normandie.com\/wp-content\/uploads\/2023\/09\/Haras-du-Bouttemont.jpg\" alt=\"\" class=\"wp-image-42074 size-full\" srcset=\"https:\/\/chevaux-normandie.com\/wp-content\/uploads\/2023\/09\/Haras-du-Bouttemont.jpg 1000w, https:\/\/chevaux-normandie.com\/wp-content\/uploads\/2023\/09\/Haras-du-Bouttemont-300x204.jpg 300w, https:\/\/chevaux-normandie.com\/wp-content\/uploads\/2023\/09\/Haras-du-Bouttemont-768x522.jpg 768w, https:\/\/chevaux-normandie.com\/wp-content\/uploads\/2023\/09\/Haras-du-Bouttemont-200x136.jpg 200w, https:\/\/chevaux-normandie.com\/wp-content\/uploads\/2023\/09\/Haras-du-Bouttemont-240x163.jpg 240w\" sizes=\"auto, (max-width: 1000px) 100vw, 1000px\" \/><\/figure><\/div>\n\n\n\n<p><em>Mardi 24 octobre<\/em><\/p>\n\n\n\n<ul class=\"wp-block-list\">\n<li><em>11h accueil sur le site<\/em><\/li>\n\n\n\n<li><em>11h05 d\u00e9but de la visite<\/em>&nbsp;<\/li>\n<\/ul>\n\n\n<div class=\"arrow-btn-link-container\">\n    <a href=\"https:\/\/chevaux-normandie.com\/evenement\/visite-du-haras-de-bouttemont-2\/\" target=\"_blank\" class=\"bordered-btn is-green\">\n        Participer \u00e0 la visite        <span class=\"general-arrow\"><\/span>\n    <\/a>\n<\/div>\n\n\n<h4 class=\"wp-block-heading\" id=\"rendezvous-avec-les-anes\">RENDEZ-VOUS AVEC LES \u00c2NES !<\/h4>\n\n\n<p><strong><em>Pr\u00e9servation des Espaces Naturels Sensibles<\/em><\/strong> <\/p>\n\n\n\n<ul class=\"wp-block-list\">\n<li><strong>Collecte de d\u00e9chets le lundi 23 octobre &#8211; <em>Site des \u00ab&nbsp;Marais de l\u2019Edit \u00bb<\/em> <\/strong><\/li>\n<\/ul>\n\n\n\n<p>Participez \u00e0 la pr\u00e9servation de l\u2019Espace Naturel Sensible des Marais de l\u2019Edit \u00e0 l\u2019aide d\u2019\u00e2nes b\u00e2t\u00e9s le lundi 23 octobre.<\/p>\n\n\n\n<div class=\"wp-block-media-text is-stacked-on-mobile\" style=\"grid-template-columns:34% auto\"><figure class=\"wp-block-media-text__media\"><img loading=\"lazy\" decoding=\"async\" width=\"1024\" height=\"680\" src=\"https:\/\/chevaux-normandie.com\/wp-content\/uploads\/2023\/09\/Marais-de-lEdit@Larrey-et-Roger-1024x680.jpg\" alt=\"\" class=\"wp-image-42051 size-full\" srcset=\"https:\/\/chevaux-normandie.com\/wp-content\/uploads\/2023\/09\/Marais-de-lEdit@Larrey-et-Roger-1024x680.jpg 1024w, https:\/\/chevaux-normandie.com\/wp-content\/uploads\/2023\/09\/Marais-de-lEdit@Larrey-et-Roger-300x199.jpg 300w, https:\/\/chevaux-normandie.com\/wp-content\/uploads\/2023\/09\/Marais-de-lEdit@Larrey-et-Roger-768x510.jpg 768w, https:\/\/chevaux-normandie.com\/wp-content\/uploads\/2023\/09\/Marais-de-lEdit@Larrey-et-Roger-1536x1021.jpg 1536w, https:\/\/chevaux-normandie.com\/wp-content\/uploads\/2023\/09\/Marais-de-lEdit@Larrey-et-Roger-2048x1361.jpg 2048w, https:\/\/chevaux-normandie.com\/wp-content\/uploads\/2023\/09\/Marais-de-lEdit@Larrey-et-Roger-200x133.jpg 200w, https:\/\/chevaux-normandie.com\/wp-content\/uploads\/2023\/09\/Marais-de-lEdit@Larrey-et-Roger-240x159.jpg 240w\" sizes=\"auto, (max-width: 1024px) 100vw, 1024px\" \/><\/figure><div class=\"wp-block-media-text__content\">\n<p>\u00c0 proximit\u00e9 du site du d\u00e9barquement de la seconde guerre mondiale et situ\u00e9 entre deux zones urbaines, ce marais arri\u00e8re littoral constitue une coupure naturelle avec une vue d\u00e9gag\u00e9e sur le littoral. Le Marais de l\u2019Edit est un ensemble arri\u00e8re littoral, compos\u00e9 de prairies humides et de terres cultiv\u00e9es, d\u00e9velopp\u00e9es \u00e0 l\u2019abri d\u2019un petit cordon dunaire. Ce marais est r\u00e9parti sur l\u2019ancien lit de la Seulles qui se jetait jusqu\u2019au XVIIIe si\u00e8cle \u00e0 Berni\u00e8res-sur-mer. Il est un lieu d\u2019accueil migratoire pour de nombreuses esp\u00e8ces de passereaux (bergeronnettes grises, bergeronnettes des ruisseaux, pinsons, traquets motteux, pipit farlouse\u2026) dont une importante colonie de linottes m\u00e9lodieuses.&nbsp;<\/p>\n<\/div><\/div>\n\n\n\n<p>Le secteur du Platon est inventori\u00e9 comme ZNIEFF de type I. Il h\u00e9berge la seule population reproductrice de Crapaud Calamite connue en Basse-Normandie et une diversit\u00e9 d\u2019esp\u00e8ces v\u00e9g\u00e9tales rares.<\/p>\n\n\n\n<p><strong>Rendez-vous \u00e0 14h au parking de Berni\u00e8res-sur-mer <\/strong><\/p>\n\n\n\n<p><em>Lundi 23 octobre <br>de 14h \u00e0 17h<\/em><\/p>\n\n\n<div class=\"arrow-btn-link-container\">\n    <a href=\"https:\/\/equidays.fr\/ramassage-de-dechets-en-compagnie-d-anes-et-d-aniers-site-des-marais-de-l-edit\" target=\"_blank\" class=\"bordered-btn is-green\">\n        Participer \u00e0 la collecte des d\u00e9chets        <span class=\"general-arrow\"><\/span>\n    <\/a>\n<\/div>\n\n\n\n<ul class=\"wp-block-list\">\n<li><strong><em>&nbsp;D\u00e9monstration de traction animale le mardi 24 octobre- Site \u00ab&nbsp;Les Rochers des Parcs&nbsp;\u00bb<\/em><\/strong><\/li>\n<\/ul>\n\n\n\n<p>D\u00e9couvrez un chantier de restauration avec exportation par traction animale, en compagnie des \u00e2nes et des \u00e2niers le mardi 24 octobre.<\/p>\n\n\n\n<div class=\"wp-block-media-text alignwide has-media-on-the-right is-stacked-on-mobile\" style=\"grid-template-columns:auto 34%\"><div class=\"wp-block-media-text__content\">\n<p>Ce site embl\u00e9matique de la Suisse-Normande connu pour ses escarpements rocheux peut aussi bien se d\u00e9couvrir par les bords de l&#8217;Orne que par le sentier qui surplombe la falaise. Paysage atypique pour la Normandie et \u00e9galement connu pour \u00eatre un haut lieu de l\u2019escalade, ce site de 30 hectares est en grande partie propri\u00e9t\u00e9 du D\u00e9partement du Calvados. L\u2019originalit\u00e9 des milieux en pr\u00e9sence (boisements de pentes, \u00e9boulis rocheux, landes s\u00e8ches ou encore pelouses schisteuses) permet \u00e0 une faune et une flore exceptionnelle de s\u2019exprimer. Ainsi, mousses et lichens tr\u00e8s rares c\u00f4toient autres criquets d\u2019affinit\u00e9 m\u00e9ridionale et reptiles remarquables.<\/p>\n<\/div><figure class=\"wp-block-media-text__media\"><img loading=\"lazy\" decoding=\"async\" width=\"1024\" height=\"683\" src=\"https:\/\/chevaux-normandie.com\/wp-content\/uploads\/2023\/09\/\u00a9-T.Houyel-ENS-PARC-1-1024x683.jpg\" alt=\"\" class=\"wp-image-42055 size-full\" srcset=\"https:\/\/chevaux-normandie.com\/wp-content\/uploads\/2023\/09\/\u00a9-T.Houyel-ENS-PARC-1-1024x683.jpg 1024w, https:\/\/chevaux-normandie.com\/wp-content\/uploads\/2023\/09\/\u00a9-T.Houyel-ENS-PARC-1-300x200.jpg 300w, https:\/\/chevaux-normandie.com\/wp-content\/uploads\/2023\/09\/\u00a9-T.Houyel-ENS-PARC-1-768x512.jpg 768w, https:\/\/chevaux-normandie.com\/wp-content\/uploads\/2023\/09\/\u00a9-T.Houyel-ENS-PARC-1-1536x1024.jpg 1536w, https:\/\/chevaux-normandie.com\/wp-content\/uploads\/2023\/09\/\u00a9-T.Houyel-ENS-PARC-1-2048x1365.jpg 2048w, https:\/\/chevaux-normandie.com\/wp-content\/uploads\/2023\/09\/\u00a9-T.Houyel-ENS-PARC-1-200x133.jpg 200w, https:\/\/chevaux-normandie.com\/wp-content\/uploads\/2023\/09\/\u00a9-T.Houyel-ENS-PARC-1-240x160.jpg 240w\" sizes=\"auto, (max-width: 1024px) 100vw, 1024px\" \/><\/figure><\/div>\n\n\n\n<p><strong>RDV \u00e0 14h au parking de la Bruy\u00e8re&nbsp;<\/strong><\/p>\n\n\n\n<p><em>Mardi 24 octobre <br>de 14h \u00e0 17h<\/em><\/p>\n\n\n<div class=\"arrow-btn-link-container\">\n    <a href=\"https:\/\/www.equidays.fr\/programme\/demonstration-de-chantiers-de-restauration-avec-les-anes-site-les-rochers-des-parcs\" target=\"_blank\" class=\"bordered-btn is-green\">\n        Assister \u00e0 la d\u00e9monstration        <span class=\"general-arrow\"><\/span>\n    <\/a>\n<\/div>\n\n\n<h4 class=\"wp-block-heading\" id=\"lexposition-chevales\">L\u2019EXPOSITION CHEVAL[ES]<\/h4>\n\n\n<p>Le <strong>Conseil des Chevaux de Normandie<\/strong>, en partenariat avec <strong><a href=\"https:\/\/www.equiressources.fr\" target=\"_blank\" rel=\"noreferrer noopener\">Equi-ressources<\/a><\/strong>, ont invit\u00e9 l\u2019artiste Camille Reynaud \u00e0 poser son regard sur les relations qu\u2019entretiennent les actrices de la fili\u00e8re \u00e9quine normande avec leurs professions.<\/p>\n\n\n\n<div class=\"wp-block-media-text alignwide has-media-on-the-right is-stacked-on-mobile\" style=\"grid-template-columns:auto 34%\"><div class=\"wp-block-media-text__content\">\n<p>\u00c0 travers une approche photo journalistique, l\u2019artiste a suivi ces femmes dans leurs quotidiens afin de saisir l\u2019essence de leurs savoir-faire. Le travail qui en r\u00e9sulte vient ancrer la femme dans la r\u00e9alit\u00e9, le pr\u00e9sent, et ainsi d\u00e9voiler la place qu\u2019elles occupent : patrimoine, connaissance, Cheval[es].<\/p>\n\n\n\n<p>Les \u00e9changes qui ont nourri ces rencontres ont permis \u00e0 Camille Reynaud de pr\u00e9senter une approche sensible de la photographie, m\u00ealant transparence et po\u00e9sie. Ces po\u00e8mes r\u00e9v\u00e8lent des brides de t\u00e9moignages de ces femmes, des impressions de l\u2019artiste, ou encore des anecdotes du temps de captation&#8230; qui sont autant de cl\u00e9s de lecture pour le spectateur.<\/p>\n<\/div><figure class=\"wp-block-media-text__media\"><img loading=\"lazy\" decoding=\"async\" width=\"1024\" height=\"915\" src=\"https:\/\/chevaux-normandie.com\/wp-content\/uploads\/2021\/08\/EXPO210820-panneaux-BD2_page-0006-1024x915.jpg\" alt=\"\" class=\"wp-image-31894 size-full\" srcset=\"https:\/\/chevaux-normandie.com\/wp-content\/uploads\/2021\/08\/EXPO210820-panneaux-BD2_page-0006-1024x915.jpg 1024w, https:\/\/chevaux-normandie.com\/wp-content\/uploads\/2021\/08\/EXPO210820-panneaux-BD2_page-0006-300x268.jpg 300w, https:\/\/chevaux-normandie.com\/wp-content\/uploads\/2021\/08\/EXPO210820-panneaux-BD2_page-0006-768x686.jpg 768w, https:\/\/chevaux-normandie.com\/wp-content\/uploads\/2021\/08\/EXPO210820-panneaux-BD2_page-0006-1536x1372.jpg 1536w, https:\/\/chevaux-normandie.com\/wp-content\/uploads\/2021\/08\/EXPO210820-panneaux-BD2_page-0006-2048x1830.jpg 2048w, https:\/\/chevaux-normandie.com\/wp-content\/uploads\/2021\/08\/EXPO210820-panneaux-BD2_page-0006-201x180.jpg 201w\" sizes=\"auto, (max-width: 1024px) 100vw, 1024px\" \/><\/figure><\/div>\n\n\n\n<p>Ce travail a \u00e9galement pour vocation d\u2019affirmer la place des femmes dans la fili\u00e8re \u00e9quine, qui n&#8217;est aujourd\u2019hui plus r\u00e9serv\u00e9e aux hommes. En effet, il est important de noter par cette s\u00e9rie que dans la fili\u00e8re, tous secteurs confondus, 58% des salari\u00e9s agricoles sont des femmes, soit plus de la moiti\u00e9 (source : Ifce-OESC d&#8217;apr\u00e8s CCMSA 2019). Ces portraits concr\u00e9tisent la place de la femme de tout \u00e2ge dans des m\u00e9tiers trop souvent repr\u00e9sent\u00e9s par des hommes. Ces femmes n\u2019exercent pas un seul m\u00e9tier, mais laissent transpara\u00eetre toute la polyvalence de leur profession par pers\u00e9v\u00e9rance et passion.<\/p>\n\n\n\n<p><strong>Rendez-vous du 23 ou 28 octobre au Centre Ville d&#8217;Orbec (14290)<\/strong> &#8211; <em>Acc\u00e8s libre <\/em><\/p>\n\n\n\n<p><\/p>\n\n\n\n<p>Suivez les \u00c9quidays sur @EquidaysCalvados \u2013 #EquidaysCalvados<\/p>\n\n\n<div class=\"arrow-btn-link-container\">\n    <a href=\"https:\/\/equidays.fr\" target=\"_blank\" class=\"bordered-btn is-green\">\n        D\u00e9couvrir la programmation compl\u00e8te et les informations pratiques        <span class=\"general-arrow\"><\/span>\n    <\/a>\n<\/div>\n","protected":false},"excerpt":{"rendered":"<p>La nouvelle \u00e9dition des \u00c9quidays se tiendra du samedi 21 au mercredi 25 octobre 2023. Pendant 5 jours, le Calvados f\u00eatera le cheval sous toutes ses formes \u00e0 travers une centaine de manifestations, pour tous les publics, sur l\u2019ensemble de son territoire. Durant une journ\u00e9e, le label EquuRES vous emm\u00e8ne \u00e0 la d\u00e9couverte du bien-\u00eatre [&hellip;]<\/p>\n","protected":false},"author":20,"featured_media":0,"comment_status":"closed","ping_status":"closed","sticky":false,"template":"","format":"standard","meta":{"_acf_changed":false,"footnotes":""},"categories":[235,251,128],"tags":[],"class_list":["post-41964","post","type-post","status-publish","format-standard","hentry","category-actualites-francais","category-nge","category-uncategorized"],"acf":[],"yoast_head":"<!-- This site is optimized with the Yoast SEO plugin v27.1.1 - https:\/\/yoast.com\/product\/yoast-seo-wordpress\/ -->\n<title>\u00c9quidays 2023 : Le Calvados f\u00eate le cheval - Conseil des Chevaux de Normandie<\/title>\n<meta name=\"description\" content=\"Cheval, \u00e2ne et art seront au rendez-vous pour les \u00c9quidays 2023. D\u00e9couvrez la programmation propos\u00e9e par le CCN !\" \/>\n<meta name=\"robots\" content=\"index, follow, max-snippet:-1, max-image-preview:large, max-video-preview:-1\" \/>\n<link rel=\"canonical\" href=\"https:\/\/chevaux-normandie.com\/equidays-2023-le-calvados-fete-le-cheval\/\" \/>\n<meta property=\"og:locale\" content=\"en_US\" \/>\n<meta property=\"og:type\" content=\"article\" \/>\n<meta property=\"og:title\" content=\"\u00c9quidays 2023 : Le Calvados f\u00eate le cheval - Conseil des Chevaux de Normandie\" \/>\n<meta property=\"og:description\" content=\"Cheval, \u00e2ne et art seront au rendez-vous pour les \u00c9quidays 2023. D\u00e9couvrez la programmation propos\u00e9e par le CCN !\" \/>\n<meta property=\"og:url\" content=\"https:\/\/chevaux-normandie.com\/equidays-2023-le-calvados-fete-le-cheval\/\" \/>\n<meta property=\"og:site_name\" content=\"Conseil des Chevaux de Normandie\" \/>\n<meta property=\"article:published_time\" content=\"2023-09-07T12:16:17+00:00\" \/>\n<meta property=\"article:modified_time\" content=\"2023-10-23T07:36:04+00:00\" \/>\n<meta property=\"og:image\" content=\"https:\/\/chevaux-normandie.com\/wp-content\/uploads\/2023\/09\/Capture-decran-2023-09-06-a-15.36.44.png\" \/>\n\t<meta property=\"og:image:width\" content=\"1162\" \/>\n\t<meta property=\"og:image:height\" content=\"460\" \/>\n\t<meta property=\"og:image:type\" content=\"image\/png\" \/>\n<meta name=\"author\" content=\"Elen Morin\" \/>\n<meta name=\"twitter:card\" content=\"summary_large_image\" \/>\n<meta name=\"twitter:label1\" content=\"Written by\" \/>\n\t<meta name=\"twitter:data1\" content=\"Elen Morin\" \/>\n\t<meta name=\"twitter:label2\" content=\"Est. reading time\" \/>\n\t<meta name=\"twitter:data2\" content=\"9 minutes\" \/>\n<script type=\"application\/ld+json\" class=\"yoast-schema-graph\">{\"@context\":\"https:\/\/schema.org\",\"@graph\":[{\"@type\":\"Article\",\"@id\":\"https:\/\/chevaux-normandie.com\/equidays-2023-le-calvados-fete-le-cheval\/#article\",\"isPartOf\":{\"@id\":\"https:\/\/chevaux-normandie.com\/equidays-2023-le-calvados-fete-le-cheval\/\"},\"author\":{\"name\":\"Elen Morin\",\"@id\":\"https:\/\/chevaux-normandie.com\/#\/schema\/person\/71d417dc02ec38db6706c2856afbde84\"},\"headline\":\"\u00c9quidays 2023 : Le Calvados f\u00eate le cheval\",\"datePublished\":\"2023-09-07T12:16:17+00:00\",\"dateModified\":\"2023-10-23T07:36:04+00:00\",\"mainEntityOfPage\":{\"@id\":\"https:\/\/chevaux-normandie.com\/equidays-2023-le-calvados-fete-le-cheval\/\"},\"wordCount\":1662,\"image\":{\"@id\":\"https:\/\/chevaux-normandie.com\/equidays-2023-le-calvados-fete-le-cheval\/#primaryimage\"},\"thumbnailUrl\":\"https:\/\/chevaux-normandie.com\/wp-content\/uploads\/2023\/09\/Ecurie-Perrine-Carlier-1-1024x576.png\",\"articleSection\":[\"Actualit\u00e9s\",\"Normandie Grands Ev\u00e9nements\"],\"inLanguage\":\"en-US\"},{\"@type\":\"WebPage\",\"@id\":\"https:\/\/chevaux-normandie.com\/equidays-2023-le-calvados-fete-le-cheval\/\",\"url\":\"https:\/\/chevaux-normandie.com\/equidays-2023-le-calvados-fete-le-cheval\/\",\"name\":\"\u00c9quidays 2023 : Le Calvados f\u00eate le cheval - Conseil des Chevaux de Normandie\",\"isPartOf\":{\"@id\":\"https:\/\/chevaux-normandie.com\/#website\"},\"primaryImageOfPage\":{\"@id\":\"https:\/\/chevaux-normandie.com\/equidays-2023-le-calvados-fete-le-cheval\/#primaryimage\"},\"image\":{\"@id\":\"https:\/\/chevaux-normandie.com\/equidays-2023-le-calvados-fete-le-cheval\/#primaryimage\"},\"thumbnailUrl\":\"https:\/\/chevaux-normandie.com\/wp-content\/uploads\/2023\/09\/Ecurie-Perrine-Carlier-1-1024x576.png\",\"datePublished\":\"2023-09-07T12:16:17+00:00\",\"dateModified\":\"2023-10-23T07:36:04+00:00\",\"author\":{\"@id\":\"https:\/\/chevaux-normandie.com\/#\/schema\/person\/71d417dc02ec38db6706c2856afbde84\"},\"description\":\"Cheval, \u00e2ne et art seront au rendez-vous pour les \u00c9quidays 2023. D\u00e9couvrez la programmation propos\u00e9e par le CCN !\",\"breadcrumb\":{\"@id\":\"https:\/\/chevaux-normandie.com\/equidays-2023-le-calvados-fete-le-cheval\/#breadcrumb\"},\"inLanguage\":\"en-US\",\"potentialAction\":[{\"@type\":\"ReadAction\",\"target\":[\"https:\/\/chevaux-normandie.com\/equidays-2023-le-calvados-fete-le-cheval\/\"]}]},{\"@type\":\"ImageObject\",\"inLanguage\":\"en-US\",\"@id\":\"https:\/\/chevaux-normandie.com\/equidays-2023-le-calvados-fete-le-cheval\/#primaryimage\",\"url\":\"https:\/\/chevaux-normandie.com\/wp-content\/uploads\/2023\/09\/Ecurie-Perrine-Carlier-1-1024x576.png\",\"contentUrl\":\"https:\/\/chevaux-normandie.com\/wp-content\/uploads\/2023\/09\/Ecurie-Perrine-Carlier-1-1024x576.png\"},{\"@type\":\"BreadcrumbList\",\"@id\":\"https:\/\/chevaux-normandie.com\/equidays-2023-le-calvados-fete-le-cheval\/#breadcrumb\",\"itemListElement\":[{\"@type\":\"ListItem\",\"position\":1,\"name\":\"Home\",\"item\":\"https:\/\/chevaux-normandie.com\/en\/\"},{\"@type\":\"ListItem\",\"position\":2,\"name\":\"\u00c9quidays 2023 : Le Calvados f\u00eate le cheval\"}]},{\"@type\":\"WebSite\",\"@id\":\"https:\/\/chevaux-normandie.com\/#website\",\"url\":\"https:\/\/chevaux-normandie.com\/\",\"name\":\"Conseil des Chevaux de Normandie\",\"description\":\"C\u0153ur de la fili\u00e8re \u00e9quine normande\",\"potentialAction\":[{\"@type\":\"SearchAction\",\"target\":{\"@type\":\"EntryPoint\",\"urlTemplate\":\"https:\/\/chevaux-normandie.com\/?s={search_term_string}\"},\"query-input\":{\"@type\":\"PropertyValueSpecification\",\"valueRequired\":true,\"valueName\":\"search_term_string\"}}],\"inLanguage\":\"en-US\"},{\"@type\":\"Person\",\"@id\":\"https:\/\/chevaux-normandie.com\/#\/schema\/person\/71d417dc02ec38db6706c2856afbde84\",\"name\":\"Elen Morin\",\"image\":{\"@type\":\"ImageObject\",\"inLanguage\":\"en-US\",\"@id\":\"https:\/\/chevaux-normandie.com\/#\/schema\/person\/image\/\",\"url\":\"https:\/\/secure.gravatar.com\/avatar\/964bc7eff824ee9f31fa60091ff4918baedeb845578c9c64741bbfd45aa7ab87?s=96&d=mm&r=g\",\"contentUrl\":\"https:\/\/secure.gravatar.com\/avatar\/964bc7eff824ee9f31fa60091ff4918baedeb845578c9c64741bbfd45aa7ab87?s=96&d=mm&r=g\",\"caption\":\"Elen Morin\"}}]}<\/script>\n<!-- \/ Yoast SEO plugin. -->","yoast_head_json":{"title":"\u00c9quidays 2023 : Le Calvados f\u00eate le cheval - Conseil des Chevaux de Normandie","description":"Cheval, \u00e2ne et art seront au rendez-vous pour les \u00c9quidays 2023. D\u00e9couvrez la programmation propos\u00e9e par le CCN !","robots":{"index":"index","follow":"follow","max-snippet":"max-snippet:-1","max-image-preview":"max-image-preview:large","max-video-preview":"max-video-preview:-1"},"canonical":"https:\/\/chevaux-normandie.com\/equidays-2023-le-calvados-fete-le-cheval\/","og_locale":"en_US","og_type":"article","og_title":"\u00c9quidays 2023 : Le Calvados f\u00eate le cheval - Conseil des Chevaux de Normandie","og_description":"Cheval, \u00e2ne et art seront au rendez-vous pour les \u00c9quidays 2023. D\u00e9couvrez la programmation propos\u00e9e par le CCN !","og_url":"https:\/\/chevaux-normandie.com\/equidays-2023-le-calvados-fete-le-cheval\/","og_site_name":"Conseil des Chevaux de Normandie","article_published_time":"2023-09-07T12:16:17+00:00","article_modified_time":"2023-10-23T07:36:04+00:00","og_image":[{"width":1162,"height":460,"url":"https:\/\/chevaux-normandie.com\/wp-content\/uploads\/2023\/09\/Capture-decran-2023-09-06-a-15.36.44.png","type":"image\/png"}],"author":"Elen Morin","twitter_card":"summary_large_image","twitter_misc":{"Written by":"Elen Morin","Est. reading time":"9 minutes"},"schema":{"@context":"https:\/\/schema.org","@graph":[{"@type":"Article","@id":"https:\/\/chevaux-normandie.com\/equidays-2023-le-calvados-fete-le-cheval\/#article","isPartOf":{"@id":"https:\/\/chevaux-normandie.com\/equidays-2023-le-calvados-fete-le-cheval\/"},"author":{"name":"Elen Morin","@id":"https:\/\/chevaux-normandie.com\/#\/schema\/person\/71d417dc02ec38db6706c2856afbde84"},"headline":"\u00c9quidays 2023 : Le Calvados f\u00eate le cheval","datePublished":"2023-09-07T12:16:17+00:00","dateModified":"2023-10-23T07:36:04+00:00","mainEntityOfPage":{"@id":"https:\/\/chevaux-normandie.com\/equidays-2023-le-calvados-fete-le-cheval\/"},"wordCount":1662,"image":{"@id":"https:\/\/chevaux-normandie.com\/equidays-2023-le-calvados-fete-le-cheval\/#primaryimage"},"thumbnailUrl":"https:\/\/chevaux-normandie.com\/wp-content\/uploads\/2023\/09\/Ecurie-Perrine-Carlier-1-1024x576.png","articleSection":["Actualit\u00e9s","Normandie Grands Ev\u00e9nements"],"inLanguage":"en-US"},{"@type":"WebPage","@id":"https:\/\/chevaux-normandie.com\/equidays-2023-le-calvados-fete-le-cheval\/","url":"https:\/\/chevaux-normandie.com\/equidays-2023-le-calvados-fete-le-cheval\/","name":"\u00c9quidays 2023 : Le Calvados f\u00eate le cheval - Conseil des Chevaux de Normandie","isPartOf":{"@id":"https:\/\/chevaux-normandie.com\/#website"},"primaryImageOfPage":{"@id":"https:\/\/chevaux-normandie.com\/equidays-2023-le-calvados-fete-le-cheval\/#primaryimage"},"image":{"@id":"https:\/\/chevaux-normandie.com\/equidays-2023-le-calvados-fete-le-cheval\/#primaryimage"},"thumbnailUrl":"https:\/\/chevaux-normandie.com\/wp-content\/uploads\/2023\/09\/Ecurie-Perrine-Carlier-1-1024x576.png","datePublished":"2023-09-07T12:16:17+00:00","dateModified":"2023-10-23T07:36:04+00:00","author":{"@id":"https:\/\/chevaux-normandie.com\/#\/schema\/person\/71d417dc02ec38db6706c2856afbde84"},"description":"Cheval, \u00e2ne et art seront au rendez-vous pour les \u00c9quidays 2023. D\u00e9couvrez la programmation propos\u00e9e par le CCN !","breadcrumb":{"@id":"https:\/\/chevaux-normandie.com\/equidays-2023-le-calvados-fete-le-cheval\/#breadcrumb"},"inLanguage":"en-US","potentialAction":[{"@type":"ReadAction","target":["https:\/\/chevaux-normandie.com\/equidays-2023-le-calvados-fete-le-cheval\/"]}]},{"@type":"ImageObject","inLanguage":"en-US","@id":"https:\/\/chevaux-normandie.com\/equidays-2023-le-calvados-fete-le-cheval\/#primaryimage","url":"https:\/\/chevaux-normandie.com\/wp-content\/uploads\/2023\/09\/Ecurie-Perrine-Carlier-1-1024x576.png","contentUrl":"https:\/\/chevaux-normandie.com\/wp-content\/uploads\/2023\/09\/Ecurie-Perrine-Carlier-1-1024x576.png"},{"@type":"BreadcrumbList","@id":"https:\/\/chevaux-normandie.com\/equidays-2023-le-calvados-fete-le-cheval\/#breadcrumb","itemListElement":[{"@type":"ListItem","position":1,"name":"Home","item":"https:\/\/chevaux-normandie.com\/en\/"},{"@type":"ListItem","position":2,"name":"\u00c9quidays 2023 : Le Calvados f\u00eate le cheval"}]},{"@type":"WebSite","@id":"https:\/\/chevaux-normandie.com\/#website","url":"https:\/\/chevaux-normandie.com\/","name":"Conseil des Chevaux de Normandie","description":"C\u0153ur de la fili\u00e8re \u00e9quine normande","potentialAction":[{"@type":"SearchAction","target":{"@type":"EntryPoint","urlTemplate":"https:\/\/chevaux-normandie.com\/?s={search_term_string}"},"query-input":{"@type":"PropertyValueSpecification","valueRequired":true,"valueName":"search_term_string"}}],"inLanguage":"en-US"},{"@type":"Person","@id":"https:\/\/chevaux-normandie.com\/#\/schema\/person\/71d417dc02ec38db6706c2856afbde84","name":"Elen Morin","image":{"@type":"ImageObject","inLanguage":"en-US","@id":"https:\/\/chevaux-normandie.com\/#\/schema\/person\/image\/","url":"https:\/\/secure.gravatar.com\/avatar\/964bc7eff824ee9f31fa60091ff4918baedeb845578c9c64741bbfd45aa7ab87?s=96&d=mm&r=g","contentUrl":"https:\/\/secure.gravatar.com\/avatar\/964bc7eff824ee9f31fa60091ff4918baedeb845578c9c64741bbfd45aa7ab87?s=96&d=mm&r=g","caption":"Elen Morin"}}]}},"_links":{"self":[{"href":"https:\/\/chevaux-normandie.com\/en\/wp-json\/wp\/v2\/posts\/41964","targetHints":{"allow":["GET"]}}],"collection":[{"href":"https:\/\/chevaux-normandie.com\/en\/wp-json\/wp\/v2\/posts"}],"about":[{"href":"https:\/\/chevaux-normandie.com\/en\/wp-json\/wp\/v2\/types\/post"}],"author":[{"embeddable":true,"href":"https:\/\/chevaux-normandie.com\/en\/wp-json\/wp\/v2\/users\/20"}],"replies":[{"embeddable":true,"href":"https:\/\/chevaux-normandie.com\/en\/wp-json\/wp\/v2\/comments?post=41964"}],"version-history":[{"count":69,"href":"https:\/\/chevaux-normandie.com\/en\/wp-json\/wp\/v2\/posts\/41964\/revisions"}],"predecessor-version":[{"id":42312,"href":"https:\/\/chevaux-normandie.com\/en\/wp-json\/wp\/v2\/posts\/41964\/revisions\/42312"}],"wp:attachment":[{"href":"https:\/\/chevaux-normandie.com\/en\/wp-json\/wp\/v2\/media?parent=41964"}],"wp:term":[{"taxonomy":"category","embeddable":true,"href":"https:\/\/chevaux-normandie.com\/en\/wp-json\/wp\/v2\/categories?post=41964"},{"taxonomy":"post_tag","embeddable":true,"href":"https:\/\/chevaux-normandie.com\/en\/wp-json\/wp\/v2\/tags?post=41964"}],"curies":[{"name":"wp","href":"https:\/\/api.w.org\/{rel}","templated":true}]}}